{"id":1036,"date":"2023-01-12T17:22:50","date_gmt":"2023-01-12T16:22:50","guid":{"rendered":"https:\/\/www.amirro.cz\/?p=1036"},"modified":"2023-01-12T17:23:49","modified_gmt":"2023-01-12T16:23:49","slug":"evropska-unie-evropsky-socialni-fond-operacni-program-zamestnanost","status":"publish","type":"post","link":"https:\/\/amirro.cz\/de\/evropska-unie-evropsky-socialni-fond-operacni-program-zamestnanost\/","title":{"rendered":"EUROP\u00c4ISCHE UNION &#8211; Europ\u00e4ische Sozialfonds &#8211; Operationelles programm Besch\u00e4ftigung"},"content":{"rendered":"<p><\/p>\n<p><img loading=\"lazy\" decoding=\"async\" class=\"alignnone size-full wp-image-1038\" src=\"https:\/\/www.amirro.cz\/wp-content\/uploads\/programEUde.png\" alt=\"\" width=\"324\" height=\"267\" srcset=\"https:\/\/amirro.cz\/wp-content\/uploads\/programEUde.png 324w, https:\/\/amirro.cz\/wp-content\/uploads\/programEUde-300x247.png 300w\" sizes=\"auto, (max-width: 324px) 100vw, 324px\" \/><\/p>\n<p><\/p>","protected":false},"excerpt":{"rendered":"","protected":false},"author":1,"featured_media":0,"comment_status":"closed","ping_status":"closed","sticky":false,"template":"","format":"standard","meta":{"_acf_changed":false,"footnotes":""},"categories":[16],"tags":[],"class_list":["post-1036","post","type-post","status-publish","format-standard","hentry","category-boxy-paticka"],"acf":[],"_links":{"self":[{"href":"https:\/\/amirro.cz\/de\/wp-json\/wp\/v2\/posts\/1036","targetHints":{"allow":["GET"]}}],"collection":[{"href":"https:\/\/amirro.cz\/de\/wp-json\/wp\/v2\/posts"}],"about":[{"href":"https:\/\/amirro.cz\/de\/wp-json\/wp\/v2\/types\/post"}],"author":[{"embeddable":true,"href":"https:\/\/amirro.cz\/de\/wp-json\/wp\/v2\/users\/1"}],"replies":[{"embeddable":true,"href":"https:\/\/amirro.cz\/de\/wp-json\/wp\/v2\/comments?post=1036"}],"version-history":[{"count":1,"href":"https:\/\/amirro.cz\/de\/wp-json\/wp\/v2\/posts\/1036\/revisions"}],"predecessor-version":[{"id":1040,"href":"https:\/\/amirro.cz\/de\/wp-json\/wp\/v2\/posts\/1036\/revisions\/1040"}],"wp:attachment":[{"href":"https:\/\/amirro.cz\/de\/wp-json\/wp\/v2\/media?parent=1036"}],"wp:term":[{"taxonomy":"category","embeddable":true,"href":"https:\/\/amirro.cz\/de\/wp-json\/wp\/v2\/categories?post=1036"},{"taxonomy":"post_tag","embeddable":true,"href":"https:\/\/amirro.cz\/de\/wp-json\/wp\/v2\/tags?post=1036"}],"curies":[{"name":"wp","href":"https:\/\/api.w.org\/{rel}","templated":true}]}}